{"id":141,"date":"2023-11-02T09:45:47","date_gmt":"2023-11-02T06:45:47","guid":{"rendered":"https:\/\/karasu.tv\/?p=141"},"modified":"2023-11-02T09:45:47","modified_gmt":"2023-11-02T06:45:47","slug":"karasuda-otobus-kaza-yapti","status":"publish","type":"post","link":"https:\/\/karasu.tv\/index.php\/karasu-haberleri\/karasuda-otobus-kaza-yapti\/.html","title":{"rendered":"Karasu&#8217;da otob\u00fcs kaza yapt\u0131."},"content":{"rendered":"<p style=\"text-align: justify;\">SAKARYA Karasu&#8217;da gece saatlerinde gelen haber t\u00fcm ekipleri Limandere mahallesine sevk edilmesine neden olurken, Adapazar\u0131&#8217;ndan Karasu istikametine seyir halinde olan yolcu otob\u00fcs\u00fc Limandere \u0131\u015f\u0131klara geldi\u011finde kontrolden \u00e7\u0131kt\u0131. Kaza&#8217;da 1 ki\u015fi yaralan\u0131rken yaral\u0131 112 sa\u011fl\u0131k ekiplerince tedavi alt\u0131na ald\u0131. Kay\u0131tlara ge\u00e7en g\u00f6r\u00fcnt\u00fclerde ise otob\u00fcs yol kenar\u0131nda yan yatarak kaza yapt\u0131\u011f\u0131 g\u00f6r\u00fcld\u00fc.<\/p>\n<p>\u00d6te yandan otob\u00fcs\u00fcn oldu\u011fu noktada ge\u00e7mi\u015f tarihlerde \u00e7ok say\u0131da trafik kazas\u0131 meydana geldi\u011fi kay\u0131tlara ge\u00e7mi\u015fti. \u0130\u015fte olay yerinden ilk gelen video g\u00f6r\u00fcnt\u00fcleri kay\u0131tlara b\u00f6yle ge\u00e7ti.<\/p>\n<p>&nbsp;<\/p>\n<p><iframe loading=\"lazy\" title=\"YouTube video player\" src=\"https:\/\/www.youtube-nocookie.com\/embed\/B2FtNJ_sjk0?si=N3kEnF9kj-qyENbA&amp;controls=0\" width=\"560\" height=\"315\" frameborder=\"0\" allowfullscreen=\"allowfullscreen\"><\/iframe><\/p>\n","protected":false},"excerpt":{"rendered":"<p>SAKARYA Karasu&#8217;da gece saatlerinde gelen haber t\u00fcm ekipleri Limandere mahallesine sevk edilmesine neden olurken, Adapazar\u0131&#8217;ndan Karasu istikametine seyir halinde olan yolcu otob\u00fcs\u00fc Limandere \u0131\u015f\u0131klara geldi\u011finde kontrolden \u00e7\u0131kt\u0131. Kaza&#8217;da 1 ki\u015fi yaralan\u0131rken yaral\u0131 112 sa\u011fl\u0131k ekiplerince tedavi alt\u0131na ald\u0131. Kay\u0131tlara ge\u00e7en g\u00f6r\u00fcnt\u00fclerde ise otob\u00fcs yol kenar\u0131nda yan yatarak kaza yapt\u0131\u011f\u0131 g\u00f6r\u00fcld\u00fc. \u00d6te yandan otob\u00fcs\u00fcn oldu\u011fu noktada ge\u00e7mi\u015f tarihlerde \u00e7ok say\u0131da trafik [&hellip;]<\/p>\n","protected":false},"author":1,"featured_media":142,"comment_status":"open","ping_status":"open","sticky":false,"template":"","format":"standard","meta":{"footnotes":""},"categories":[2,10],"tags":[27,38],"class_list":["post-141","post","type-post","status-publish","format-standard","has-post-thumbnail","hentry","category-karasu-haberleri","category-karasu-trafik-kazasi-haberleri","tag-karasu-trafik-kazasi","tag-otobus-kazasi"],"jetpack_featured_media_url":"https:\/\/karasu.tv\/wp-content\/uploads\/2023\/11\/WhatsApp-Image-2023-11-01-at-21.50.54.jpeg","_links":{"self":[{"href":"https:\/\/karasu.tv\/index.php\/wp-json\/wp\/v2\/posts\/141","targetHints":{"allow":["GET"]}}],"collection":[{"href":"https:\/\/karasu.tv\/index.php\/wp-json\/wp\/v2\/posts"}],"about":[{"href":"https:\/\/karasu.tv\/index.php\/wp-json\/wp\/v2\/types\/post"}],"author":[{"embeddable":true,"href":"https:\/\/karasu.tv\/index.php\/wp-json\/wp\/v2\/users\/1"}],"replies":[{"embeddable":true,"href":"https:\/\/karasu.tv\/index.php\/wp-json\/wp\/v2\/comments?post=141"}],"version-history":[{"count":1,"href":"https:\/\/karasu.tv\/index.php\/wp-json\/wp\/v2\/posts\/141\/revisions"}],"predecessor-version":[{"id":143,"href":"https:\/\/karasu.tv\/index.php\/wp-json\/wp\/v2\/posts\/141\/revisions\/143"}],"wp:featuredmedia":[{"embeddable":true,"href":"https:\/\/karasu.tv\/index.php\/wp-json\/wp\/v2\/media\/142"}],"wp:attachment":[{"href":"https:\/\/karasu.tv\/index.php\/wp-json\/wp\/v2\/media?parent=141"}],"wp:term":[{"taxonomy":"category","embeddable":true,"href":"https:\/\/karasu.tv\/index.php\/wp-json\/wp\/v2\/categories?post=141"},{"taxonomy":"post_tag","embeddable":true,"href":"https:\/\/karasu.tv\/index.php\/wp-json\/wp\/v2\/tags?post=141"}],"curies":[{"name":"wp","href":"https:\/\/api.w.org\/{rel}","templated":true}]}}