{"id":243,"date":"2024-01-05T13:35:08","date_gmt":"2024-01-05T10:35:08","guid":{"rendered":"https:\/\/karasu.tv\/?p=243"},"modified":"2024-01-05T13:35:08","modified_gmt":"2024-01-05T10:35:08","slug":"karasu-girisinde-trafik-kazasi","status":"publish","type":"post","link":"https:\/\/karasu.tv\/index.php\/haber\/karasu-girisinde-trafik-kazasi\/.html","title":{"rendered":"Karasu giri\u015finde trafik kazas\u0131"},"content":{"rendered":"<div class=\"xdj266r x11i5rnm xat24cr x1mh8g0r x1vvkbs x126k92a\">\n<div dir=\"auto\" style=\"text-align: justify;\">SAKARYA&#8217;n\u0131n Karasu il\u00e7esine ba\u011fl\u0131 Kabakoz mahallesi \u0130stiklal Caddesi ( Karasu \u00c7\u0131k\u0131\u015f\u0131 &#8211; \u00dc\u00e7yol ) mevkiinde meydana gelen trafik kazas\u0131nda Mustafa C. y\u00f6netimindeki otomobil yol kenar\u0131ndaki su dolu v kanala u\u00e7tu. Kazada yaral\u0131 olmazken otomobil vin\u00e7 yard\u0131m\u0131 ile kald\u0131r\u0131ld\u0131. #Karasu<\/div>\n<\/div>\n<div dir=\"auto\"><\/div>\n<p><iframe loading=\"lazy\" title=\"YouTube video player\" src=\"https:\/\/www.youtube-nocookie.com\/embed\/8qk_lq70xPs?si=Na9QaOgOMKIJql25&amp;controls=0\" width=\"560\" height=\"315\" frameborder=\"0\" allowfullscreen=\"allowfullscreen\"><\/iframe><\/p>\n","protected":false},"excerpt":{"rendered":"<p>SAKARYA&#8217;n\u0131n Karasu il\u00e7esine ba\u011fl\u0131 Kabakoz mahallesi \u0130stiklal Caddesi ( Karasu \u00c7\u0131k\u0131\u015f\u0131 &#8211; \u00dc\u00e7yol ) mevkiinde meydana gelen trafik kazas\u0131nda Mustafa C. y\u00f6netimindeki otomobil yol kenar\u0131ndaki su dolu v kanala u\u00e7tu. Kazada yaral\u0131 olmazken otomobil vin\u00e7 yard\u0131m\u0131 ile kald\u0131r\u0131ld\u0131. #Karasu<\/p>\n","protected":false},"author":1,"featured_media":244,"comment_status":"open","ping_status":"open","sticky":false,"template":"","format":"standard","meta":{"footnotes":""},"categories":[5,6,10],"tags":[],"class_list":["post-243","post","type-post","status-publish","format-standard","has-post-thumbnail","hentry","category-haber","category-son-dakika","category-karasu-trafik-kazasi-haberleri"],"jetpack_featured_media_url":"https:\/\/karasu.tv\/wp-content\/uploads\/2024\/01\/karasu-trafik-kazasi.jpg","_links":{"self":[{"href":"https:\/\/karasu.tv\/index.php\/wp-json\/wp\/v2\/posts\/243","targetHints":{"allow":["GET"]}}],"collection":[{"href":"https:\/\/karasu.tv\/index.php\/wp-json\/wp\/v2\/posts"}],"about":[{"href":"https:\/\/karasu.tv\/index.php\/wp-json\/wp\/v2\/types\/post"}],"author":[{"embeddable":true,"href":"https:\/\/karasu.tv\/index.php\/wp-json\/wp\/v2\/users\/1"}],"replies":[{"embeddable":true,"href":"https:\/\/karasu.tv\/index.php\/wp-json\/wp\/v2\/comments?post=243"}],"version-history":[{"count":1,"href":"https:\/\/karasu.tv\/index.php\/wp-json\/wp\/v2\/posts\/243\/revisions"}],"predecessor-version":[{"id":245,"href":"https:\/\/karasu.tv\/index.php\/wp-json\/wp\/v2\/posts\/243\/revisions\/245"}],"wp:featuredmedia":[{"embeddable":true,"href":"https:\/\/karasu.tv\/index.php\/wp-json\/wp\/v2\/media\/244"}],"wp:attachment":[{"href":"https:\/\/karasu.tv\/index.php\/wp-json\/wp\/v2\/media?parent=243"}],"wp:term":[{"taxonomy":"category","embeddable":true,"href":"https:\/\/karasu.tv\/index.php\/wp-json\/wp\/v2\/categories?post=243"},{"taxonomy":"post_tag","embeddable":true,"href":"https:\/\/karasu.tv\/index.php\/wp-json\/wp\/v2\/tags?post=243"}],"curies":[{"name":"wp","href":"https:\/\/api.w.org\/{rel}","templated":true}]}}