{"id":745,"date":"2025-03-16T15:54:49","date_gmt":"2025-03-16T12:54:49","guid":{"rendered":"https:\/\/karasu.tv\/?p=745"},"modified":"2025-03-16T15:54:49","modified_gmt":"2025-03-16T12:54:49","slug":"karasu-sahili-artik-riskli-alan-ilan-edildi-bu-yapilarin-yikilmasi-gundemde","status":"publish","type":"post","link":"https:\/\/karasu.tv\/index.php\/karasu-haberleri\/karasu-sahili-artik-riskli-alan-ilan-edildi-bu-yapilarin-yikilmasi-gundemde\/.html","title":{"rendered":"Karasu sahili art\u0131k riskli alan ilan edildi. Bu yap\u0131lar\u0131n y\u0131k\u0131lmas\u0131 g\u00fcndemde"},"content":{"rendered":"<p style=\"text-align: justify;\">Karasu Belediyesi resmii hesaplar\u0131ndan duyurulan kararla, Karasu Sahili art\u0131k riskli alan ilan edildi. Buda \u015fu demek k\u0131y\u0131 \u015feridindeki t\u00fcm evler y\u0131k\u0131lacak. Ve sahil komple temizlenecek.\u00a0 Yap\u0131lan o a\u00e7\u0131klamada &#8221; TAR\u0130H\u0130 B\u0130R ADIM! KARASU\u2019NUN 50 YILLIK SORUNU \u00c7\u00d6Z\u00dcLD\u00dc! &#8221;<\/p>\n<p style=\"text-align: justify;\">\u0130l\u00e7emiz i\u00e7in b\u00fcy\u00fck bir m\u00fcjdeyi sizlerle payla\u015fman\u0131n gururunu ya\u015f\u0131yoruz! Tam 5 y\u0131ll\u0131k m\u00fccadelenin ve yo\u011fun \u00e7abalar\u0131m\u0131z\u0131n sonucunda, Yenimahalle, A\u015fa\u011f\u0131aziziye ve A\u015fa\u011f\u0131incilli mahallelerimizi kapsayan alan, Resm\u00ee Gazete\u2019de yay\u0131mlanan kararla &#8220;riskli alan&#8221; ilan edildi!<\/p>\n<p style=\"text-align: justify;\">Bu \u00f6nemli ad\u0131m sayesinde t\u00fcm k\u0131y\u0131lar\u0131m\u0131z temizlenecek, sahilimiz tamamen halk\u0131m\u0131z\u0131n hizmetine sunulacak! Belediyemiz taraf\u0131ndan b\u00fcy\u00fck emekle haz\u0131rlanan dosya, \u00c7evre ve \u015eehircilik Bakan\u0131m\u0131z Say\u0131n Murat Kurum ve Cumhurba\u015fkan\u0131m\u0131z Say\u0131n Recep Tayyip Erdo\u011fan taraf\u0131ndan onaylanarak resm\u00eele\u015fti. K\u0131y\u0131lar halk\u0131nd\u0131r! Sahil d\u00fczenleme projemizin limana kadar uzanmas\u0131n\u0131n \u00f6n\u00fc a\u00e7\u0131ld\u0131. Karasu\u2019nun gelece\u011fini \u015fekillendirecek bu tarihi geli\u015fme, il\u00e7emize hay\u0131rl\u0131 olsun! Bu s\u00fcre\u00e7te b\u00fcy\u00fck destek ve katk\u0131lar\u0131 i\u00e7in Marmara Kentsel D\u00f6n\u00fc\u015f\u00fcm Genel M\u00fcd\u00fcr\u00fc Say\u0131n Sezayi K\u00f6se&#8217;ye te\u015fekk\u00fcr ediyoruz. Daha g\u00fczel, daha ya\u015fanabilir bir Karasu i\u00e7in durmaks\u0131z\u0131n \u00e7al\u0131\u015f\u0131yoruz! denildi. #Karasu #Sakarya<\/p>\n<p>\u00a0<iframe loading=\"lazy\" title=\"YouTube video player\" src=\"https:\/\/www.youtube-nocookie.com\/embed\/-nXuCeF8Z0E?si=-o8Orni6eBbTYA19&amp;controls=0\" width=\"560\" height=\"315\" frameborder=\"0\" allowfullscreen=\"allowfullscreen\"><\/iframe><\/p>\n","protected":false},"excerpt":{"rendered":"<p>Karasu Belediyesi resmii hesaplar\u0131ndan duyurulan kararla, Karasu Sahili art\u0131k riskli alan ilan edildi. Buda \u015fu demek k\u0131y\u0131 \u015feridindeki t\u00fcm evler y\u0131k\u0131lacak. Ve sahil komple temizlenecek.\u00a0 Yap\u0131lan o a\u00e7\u0131klamada &#8221; TAR\u0130H\u0130 B\u0130R ADIM! KARASU\u2019NUN 50 YILLIK SORUNU \u00c7\u00d6Z\u00dcLD\u00dc! &#8221; \u0130l\u00e7emiz i\u00e7in b\u00fcy\u00fck bir m\u00fcjdeyi sizlerle payla\u015fman\u0131n gururunu ya\u015f\u0131yoruz! Tam 5 y\u0131ll\u0131k m\u00fccadelenin ve yo\u011fun \u00e7abalar\u0131m\u0131z\u0131n sonucunda, Yenimahalle, A\u015fa\u011f\u0131aziziye ve A\u015fa\u011f\u0131incilli mahallelerimizi [&hellip;]<\/p>\n","protected":false},"author":1,"featured_media":746,"comment_status":"open","ping_status":"open","sticky":false,"template":"","format":"standard","meta":{"footnotes":""},"categories":[2,5,6],"tags":[271,272],"class_list":["post-745","post","type-post","status-publish","format-standard","has-post-thumbnail","hentry","category-karasu-haberleri","category-haber","category-son-dakika","tag-karasu-sahili-icin-tarihi-karar","tag-karasu-riskli-alanlar"],"jetpack_featured_media_url":"https:\/\/karasu.tv\/wp-content\/uploads\/2025\/03\/riskli-alan.jpg","_links":{"self":[{"href":"https:\/\/karasu.tv\/index.php\/wp-json\/wp\/v2\/posts\/745","targetHints":{"allow":["GET"]}}],"collection":[{"href":"https:\/\/karasu.tv\/index.php\/wp-json\/wp\/v2\/posts"}],"about":[{"href":"https:\/\/karasu.tv\/index.php\/wp-json\/wp\/v2\/types\/post"}],"author":[{"embeddable":true,"href":"https:\/\/karasu.tv\/index.php\/wp-json\/wp\/v2\/users\/1"}],"replies":[{"embeddable":true,"href":"https:\/\/karasu.tv\/index.php\/wp-json\/wp\/v2\/comments?post=745"}],"version-history":[{"count":1,"href":"https:\/\/karasu.tv\/index.php\/wp-json\/wp\/v2\/posts\/745\/revisions"}],"predecessor-version":[{"id":747,"href":"https:\/\/karasu.tv\/index.php\/wp-json\/wp\/v2\/posts\/745\/revisions\/747"}],"wp:featuredmedia":[{"embeddable":true,"href":"https:\/\/karasu.tv\/index.php\/wp-json\/wp\/v2\/media\/746"}],"wp:attachment":[{"href":"https:\/\/karasu.tv\/index.php\/wp-json\/wp\/v2\/media?parent=745"}],"wp:term":[{"taxonomy":"category","embeddable":true,"href":"https:\/\/karasu.tv\/index.php\/wp-json\/wp\/v2\/categories?post=745"},{"taxonomy":"post_tag","embeddable":true,"href":"https:\/\/karasu.tv\/index.php\/wp-json\/wp\/v2\/tags?post=745"}],"curies":[{"name":"wp","href":"https:\/\/api.w.org\/{rel}","templated":true}]}}