{"id":750,"date":"2025-03-22T15:02:31","date_gmt":"2025-03-22T12:02:31","guid":{"rendered":"https:\/\/karasu.tv\/?p=750"},"modified":"2025-03-22T15:02:31","modified_gmt":"2025-03-22T12:02:31","slug":"evde-cansiz-bedeni-bulundu-2","status":"publish","type":"post","link":"https:\/\/karasu.tv\/index.php\/karasu-haberleri\/evde-cansiz-bedeni-bulundu-2\/.html","title":{"rendered":"Evde cans\u0131z bedeni bulundu"},"content":{"rendered":"<p style=\"text-align: justify;\">Karasu&#8217;da ikamet eden Sedat \u00dcner ( 68 ) bir s\u00fcredir, Koah ve G\u0131rtlak kanseri ile m\u00fccadele ediyordu. Kom\u015fusu kendisinden haber almak istedi ancak yan\u0131t alamad\u0131. Camdan i\u00e7eri bakt\u0131\u011f\u0131nda ise ac\u0131 ger\u00e7e\u011fi g\u00f6rd\u00fc. B\u00f6lgeye sa\u011fl\u0131k ve itfaiye ekibi sevk edilirken burada yap\u0131lan ilk incelemede ya\u015fl\u0131 adam\u0131n hayat\u0131n\u0131 kaybetti\u011fi belirlendi. Cans\u0131z beden Karasu Devlet Hastanesi morguna kald\u0131r\u0131ld\u0131. Olayla ilgili inceleme ba\u015flat\u0131ld\u0131.<\/p>\n<p>\u00a0<iframe loading=\"lazy\" title=\"YouTube video player\" src=\"https:\/\/www.youtube-nocookie.com\/embed\/mp4wzX66h4k?si=Fi0pEKqw0Hh_BGph&amp;controls=0\" width=\"560\" height=\"315\" frameborder=\"0\" allowfullscreen=\"allowfullscreen\"><\/iframe><\/p>\n","protected":false},"excerpt":{"rendered":"<p>Karasu&#8217;da ikamet eden Sedat \u00dcner ( 68 ) bir s\u00fcredir, Koah ve G\u0131rtlak kanseri ile m\u00fccadele ediyordu. Kom\u015fusu kendisinden haber almak istedi ancak yan\u0131t alamad\u0131. Camdan i\u00e7eri bakt\u0131\u011f\u0131nda ise ac\u0131 ger\u00e7e\u011fi g\u00f6rd\u00fc. B\u00f6lgeye sa\u011fl\u0131k ve itfaiye ekibi sevk edilirken burada yap\u0131lan ilk incelemede ya\u015fl\u0131 adam\u0131n hayat\u0131n\u0131 kaybetti\u011fi belirlendi. Cans\u0131z beden Karasu Devlet Hastanesi morguna kald\u0131r\u0131ld\u0131. Olayla ilgili inceleme ba\u015flat\u0131ld\u0131. \u00a0<\/p>\n","protected":false},"author":1,"featured_media":751,"comment_status":"open","ping_status":"open","sticky":false,"template":"","format":"standard","meta":{"footnotes":""},"categories":[2,5,6],"tags":[44,273],"class_list":["post-750","post","type-post","status-publish","format-standard","has-post-thumbnail","hentry","category-karasu-haberleri","category-haber","category-son-dakika","tag-evde-olu-bulunma","tag-sedat-uner"],"jetpack_featured_media_url":"https:\/\/karasu.tv\/wp-content\/uploads\/2025\/03\/evde-olu-bulunma.jpg","_links":{"self":[{"href":"https:\/\/karasu.tv\/index.php\/wp-json\/wp\/v2\/posts\/750","targetHints":{"allow":["GET"]}}],"collection":[{"href":"https:\/\/karasu.tv\/index.php\/wp-json\/wp\/v2\/posts"}],"about":[{"href":"https:\/\/karasu.tv\/index.php\/wp-json\/wp\/v2\/types\/post"}],"author":[{"embeddable":true,"href":"https:\/\/karasu.tv\/index.php\/wp-json\/wp\/v2\/users\/1"}],"replies":[{"embeddable":true,"href":"https:\/\/karasu.tv\/index.php\/wp-json\/wp\/v2\/comments?post=750"}],"version-history":[{"count":1,"href":"https:\/\/karasu.tv\/index.php\/wp-json\/wp\/v2\/posts\/750\/revisions"}],"predecessor-version":[{"id":752,"href":"https:\/\/karasu.tv\/index.php\/wp-json\/wp\/v2\/posts\/750\/revisions\/752"}],"wp:featuredmedia":[{"embeddable":true,"href":"https:\/\/karasu.tv\/index.php\/wp-json\/wp\/v2\/media\/751"}],"wp:attachment":[{"href":"https:\/\/karasu.tv\/index.php\/wp-json\/wp\/v2\/media?parent=750"}],"wp:term":[{"taxonomy":"category","embeddable":true,"href":"https:\/\/karasu.tv\/index.php\/wp-json\/wp\/v2\/categories?post=750"},{"taxonomy":"post_tag","embeddable":true,"href":"https:\/\/karasu.tv\/index.php\/wp-json\/wp\/v2\/tags?post=750"}],"curies":[{"name":"wp","href":"https:\/\/api.w.org\/{rel}","templated":true}]}}