{"id":86,"date":"2023-10-02T15:00:20","date_gmt":"2023-10-02T12:00:20","guid":{"rendered":"https:\/\/karasu.tv\/?p=86"},"modified":"2023-10-02T15:00:20","modified_gmt":"2023-10-02T12:00:20","slug":"muhammet-cebrail-kozan-bulundu","status":"publish","type":"post","link":"https:\/\/karasu.tv\/index.php\/karasu-haberleri\/muhammet-cebrail-kozan-bulundu\/.html","title":{"rendered":"Muhammet Cebrail Kozan Bulundu"},"content":{"rendered":"<p style=\"text-align: justify;\">KAYIP OLARAK 16. G\u00dcND\u00dcR ARANIYORDU.<\/p>\n<p style=\"text-align: justify;\">SAKARYA&#8217;n\u0131n Karasu il\u00e7esinde 17 Eyl\u00fcl 2023 tarihi saat 14.30&#8217;da yan\u0131nda ablas\u0131 ve kuzeni ile denize giren Muhammet Cebrail Kozan bir s\u00fcre sonra a\u015f\u0131r\u0131 dalgalarda g\u00f6zden kaybolarak bo\u011fulmu\u015ftu. Sahil G\u00fcvenlik ve Stk&#8217;lardan olu\u015fan grup onu 16 g\u00fcn boyunca Karasu k\u0131y\u0131lar\u0131 ba\u015fta olmak \u00fczere yan il\u00e7e k\u0131y\u0131lar\u0131 dahil arama yapt\u0131.<\/p>\n<p style=\"text-align: justify;\">Ba\u015fta Liman mevki ve t\u00fcm kayal\u0131klar taranm\u0131\u015f, b\u00f6lgede Sahil G\u00fcvenlik helikopteri ile her b\u00f6lgeye bak\u0131lm\u0131\u015ft\u0131. G\u00fcn i\u00e7inde ise bir vatanda\u015f deniz k\u0131y\u0131s\u0131nda oturdu\u011fu evin 5. kat\u0131nda denizde farketti\u011fi cisim i\u00e7in ihbarda bulunurken b\u00f6lgeye gelen Sahil G\u00fcvenlik ekipleri suda ceset oldu\u011funu farkederek k\u0131y\u0131ya \u00e7\u0131kard\u0131.<\/p>\n<p style=\"text-align: justify;\">Sudan \u00e7\u0131kar\u0131lan ki\u015fi boy, kilo ve yap\u0131 itibar\u0131yla 16 g\u00fcnd\u00fcr aranan Muhammet Cebrail Kozan oldu\u011fu d\u00fc\u015f\u00fcn\u00fcl\u00fcrken sudan \u00e7\u0131kar\u0131lan ki\u015finin cans\u0131z bedeni Karasu Devlet Hastanesi morguna kald\u0131r\u0131ld\u0131.<\/p>\n<p>&nbsp;<\/p>\n<p style=\"text-align: justify;\"><iframe loading=\"lazy\" title=\"YouTube video player\" src=\"https:\/\/www.youtube-nocookie.com\/embed\/71-RPFi0hfU?si=cgjuGF-CuVKgE2Fq&amp;controls=0\" width=\"560\" height=\"315\" frameborder=\"0\" allowfullscreen=\"allowfullscreen\"><\/iframe><br \/>\n#Karasu<\/p>\n","protected":false},"excerpt":{"rendered":"<p>KAYIP OLARAK 16. G\u00dcND\u00dcR ARANIYORDU. SAKARYA&#8217;n\u0131n Karasu il\u00e7esinde 17 Eyl\u00fcl 2023 tarihi saat 14.30&#8217;da yan\u0131nda ablas\u0131 ve kuzeni ile denize giren Muhammet Cebrail Kozan bir s\u00fcre sonra a\u015f\u0131r\u0131 dalgalarda g\u00f6zden kaybolarak bo\u011fulmu\u015ftu. Sahil G\u00fcvenlik ve Stk&#8217;lardan olu\u015fan grup onu 16 g\u00fcn boyunca Karasu k\u0131y\u0131lar\u0131 ba\u015fta olmak \u00fczere yan il\u00e7e k\u0131y\u0131lar\u0131 dahil arama yapt\u0131. Ba\u015fta Liman mevki ve t\u00fcm kayal\u0131klar taranm\u0131\u015f, [&hellip;]<\/p>\n","protected":false},"author":1,"featured_media":87,"comment_status":"open","ping_status":"open","sticky":false,"template":"","format":"standard","meta":{"footnotes":""},"categories":[2],"tags":[18,26],"class_list":["post-86","post","type-post","status-publish","format-standard","has-post-thumbnail","hentry","category-karasu-haberleri","tag-muhammet-cebrail-kozan","tag-muhammet-cebrail-kozan-bulundu"],"jetpack_featured_media_url":"https:\/\/karasu.tv\/wp-content\/uploads\/2023\/10\/WhatsApp-Image-2023-10-02-at-14.56.53.jpeg","_links":{"self":[{"href":"https:\/\/karasu.tv\/index.php\/wp-json\/wp\/v2\/posts\/86","targetHints":{"allow":["GET"]}}],"collection":[{"href":"https:\/\/karasu.tv\/index.php\/wp-json\/wp\/v2\/posts"}],"about":[{"href":"https:\/\/karasu.tv\/index.php\/wp-json\/wp\/v2\/types\/post"}],"author":[{"embeddable":true,"href":"https:\/\/karasu.tv\/index.php\/wp-json\/wp\/v2\/users\/1"}],"replies":[{"embeddable":true,"href":"https:\/\/karasu.tv\/index.php\/wp-json\/wp\/v2\/comments?post=86"}],"version-history":[{"count":1,"href":"https:\/\/karasu.tv\/index.php\/wp-json\/wp\/v2\/posts\/86\/revisions"}],"predecessor-version":[{"id":88,"href":"https:\/\/karasu.tv\/index.php\/wp-json\/wp\/v2\/posts\/86\/revisions\/88"}],"wp:featuredmedia":[{"embeddable":true,"href":"https:\/\/karasu.tv\/index.php\/wp-json\/wp\/v2\/media\/87"}],"wp:attachment":[{"href":"https:\/\/karasu.tv\/index.php\/wp-json\/wp\/v2\/media?parent=86"}],"wp:term":[{"taxonomy":"category","embeddable":true,"href":"https:\/\/karasu.tv\/index.php\/wp-json\/wp\/v2\/categories?post=86"},{"taxonomy":"post_tag","embeddable":true,"href":"https:\/\/karasu.tv\/index.php\/wp-json\/wp\/v2\/tags?post=86"}],"curies":[{"name":"wp","href":"https:\/\/api.w.org\/{rel}","templated":true}]}}