{"id":873,"date":"2025-11-05T16:40:28","date_gmt":"2025-11-05T13:40:28","guid":{"rendered":"https:\/\/karasu.tv\/?p=873"},"modified":"2025-11-05T16:40:28","modified_gmt":"2025-11-05T13:40:28","slug":"sinir-krizi-geciren-kadin-kayaliklara-cikti","status":"publish","type":"post","link":"https:\/\/karasu.tv\/index.php\/karasu-haberleri\/sinir-krizi-geciren-kadin-kayaliklara-cikti\/.html","title":{"rendered":"Sinir krizi ge\u00e7iren kad\u0131n kayal\u0131klara \u00e7\u0131kt\u0131"},"content":{"rendered":"<p style=\"text-align: justify;\">Karasu&#8217;da hareketli anlar ya\u015fand\u0131. Sinir krizi ge\u00e7iren kad\u0131n denizin i\u00e7ine girerek kayal\u0131klara y\u00fcr\u00fcd\u00fc ve sonras\u0131 ise anbean kay\u0131tlara ge\u00e7ti. Olay 13.30 s\u0131ralar\u0131nda ya\u015fand\u0131. 112 Acil komuta merkezine d\u00fc\u015fen ihbar sonras\u0131 i\u015fte Karasu Sahilinde ya\u015fananlar.<\/p>\n<p style=\"text-align: justify;\">HAYATINA S*N VERMEK \u0130STED\u0130<br \/>\nKarasu Yal\u0131 mahallesi Do\u011fu Karadeniz caddesi Kule 13 b\u00f6lgesinde Azerbaycan Uyruklu bir kad\u0131n sinir krizi ge\u00e7irerek denize girdi. Kayal\u0131klara y\u00fcr\u00fcyerek giden kad\u0131n kayal\u0131klar\u0131n \u00fcst\u00fcne \u00e7\u0131k\u0131p ba\u011f\u0131rmaya ba\u015flad\u0131. Olay yerinde bulunan bir ki\u015fi ise onun arkada\u015f\u0131 oldu\u011funu iddia etti ve pe\u015finden suya girdi. Kayal\u0131klar\u0131n \u00fcst\u00fcnde dengesini kaybeden adam kayal\u0131\u011f\u0131n arkas\u0131ndaki bo\u015fluk zemine d\u00fc\u015ft\u00fc\u011f\u00fc anlar anbean kay\u0131tlara ge\u00e7ti.<\/p>\n<p>Yap\u0131lan ihbarla b\u00f6lgeye Sahil G\u00fcvenlik, Polis ve Sa\u011fl\u0131k ekibi sevk edildi. Kayal\u0131k \u00fcst\u00fcnde kad\u0131n\u0131 ikna eden arkada\u015f\u0131 onu sakinle\u015ftirerek k\u0131y\u0131ya gelmesini ba\u015fard\u0131. Olayla ilgili soru\u015fturma ba\u015flat\u0131l\u0131rken, Kad\u0131n tedavi edilmek \u00fczere Karasu Devlet Hastanesi&#8217;ne kald\u0131r\u0131ld\u0131.<br \/>\n\u00d6te yandan iddia o ki, kad\u0131n\u0131n 1 \u00e7ocu\u011fu olurken, onu g\u00f6rmesine izin verilmedi\u011fi gerek\u00e7esiyle b\u00f6yle bir giri\u015fime kalk\u0131\u015ft\u0131\u011f\u0131 \u00f6\u011frenildi.<br \/>\n#Karasu<\/p>\n<p><iframe loading=\"lazy\" title=\"YouTube video player\" src=\"https:\/\/www.youtube-nocookie.com\/embed\/We3a8ZiqyCc?si=36vf58Y_erTafISU&amp;controls=0\" width=\"560\" height=\"315\" frameborder=\"0\" allowfullscreen=\"allowfullscreen\"><\/iframe><\/p>\n","protected":false},"excerpt":{"rendered":"<p>Karasu&#8217;da hareketli anlar ya\u015fand\u0131. Sinir krizi ge\u00e7iren kad\u0131n denizin i\u00e7ine girerek kayal\u0131klara y\u00fcr\u00fcd\u00fc ve sonras\u0131 ise anbean kay\u0131tlara ge\u00e7ti. Olay 13.30 s\u0131ralar\u0131nda ya\u015fand\u0131. 112 Acil komuta merkezine d\u00fc\u015fen ihbar sonras\u0131 i\u015fte Karasu Sahilinde ya\u015fananlar. HAYATINA S*N VERMEK \u0130STED\u0130 Karasu Yal\u0131 mahallesi Do\u011fu Karadeniz caddesi Kule 13 b\u00f6lgesinde Azerbaycan Uyruklu bir kad\u0131n sinir krizi ge\u00e7irerek denize girdi. Kayal\u0131klara y\u00fcr\u00fcyerek giden kad\u0131n [&hellip;]<\/p>\n","protected":false},"author":1,"featured_media":874,"comment_status":"open","ping_status":"open","sticky":false,"template":"","format":"standard","meta":{"footnotes":""},"categories":[2,5],"tags":[14,15,127,310,311],"class_list":["post-873","post","type-post","status-publish","format-standard","has-post-thumbnail","hentry","category-karasu-haberleri","category-haber","tag-karasu-tv","tag-karasu","tag-sakarya","tag-karasuda-ilginc-olay","tag-sinir-krizine-giren-kadin"],"jetpack_featured_media_url":"https:\/\/karasu.tv\/wp-content\/uploads\/2025\/11\/karasu-tv-hayatina-son-verme.jpg","_links":{"self":[{"href":"https:\/\/karasu.tv\/index.php\/wp-json\/wp\/v2\/posts\/873","targetHints":{"allow":["GET"]}}],"collection":[{"href":"https:\/\/karasu.tv\/index.php\/wp-json\/wp\/v2\/posts"}],"about":[{"href":"https:\/\/karasu.tv\/index.php\/wp-json\/wp\/v2\/types\/post"}],"author":[{"embeddable":true,"href":"https:\/\/karasu.tv\/index.php\/wp-json\/wp\/v2\/users\/1"}],"replies":[{"embeddable":true,"href":"https:\/\/karasu.tv\/index.php\/wp-json\/wp\/v2\/comments?post=873"}],"version-history":[{"count":1,"href":"https:\/\/karasu.tv\/index.php\/wp-json\/wp\/v2\/posts\/873\/revisions"}],"predecessor-version":[{"id":875,"href":"https:\/\/karasu.tv\/index.php\/wp-json\/wp\/v2\/posts\/873\/revisions\/875"}],"wp:featuredmedia":[{"embeddable":true,"href":"https:\/\/karasu.tv\/index.php\/wp-json\/wp\/v2\/media\/874"}],"wp:attachment":[{"href":"https:\/\/karasu.tv\/index.php\/wp-json\/wp\/v2\/media?parent=873"}],"wp:term":[{"taxonomy":"category","embeddable":true,"href":"https:\/\/karasu.tv\/index.php\/wp-json\/wp\/v2\/categories?post=873"},{"taxonomy":"post_tag","embeddable":true,"href":"https:\/\/karasu.tv\/index.php\/wp-json\/wp\/v2\/tags?post=873"}],"curies":[{"name":"wp","href":"https:\/\/api.w.org\/{rel}","templated":true}]}}