{"id":884,"date":"2026-01-08T13:24:26","date_gmt":"2026-01-08T10:24:26","guid":{"rendered":"https:\/\/karasu.tv\/?p=884"},"modified":"2026-01-08T13:24:26","modified_gmt":"2026-01-08T10:24:26","slug":"karasuda-okulda-dusen-kiz-hayatini-kaybetti","status":"publish","type":"post","link":"https:\/\/karasu.tv\/index.php\/karasu-haberleri\/karasuda-okulda-dusen-kiz-hayatini-kaybetti\/.html","title":{"rendered":"Karasu&#8217;da okulda d\u00fc\u015fen k\u0131z hayat\u0131n\u0131 kaybetti."},"content":{"rendered":"<p style=\"text-align: justify;\">SAKARYA&#8217;n\u0131n Karasu il\u00e7esine ba\u011fl\u0131 Yal\u0131 Mahallesi \u015eehit Ferhat S\u00f6zer Ortaokul i\u00e7inde camdan d\u00fc\u015fen k\u0131z \u00e7ocu\u011fu hayat\u0131n\u0131 kaybetti. B\u00f6lgeye sa\u011fl\u0131k ekipleri sevk edilirken t\u00fcm m\u00fcdahalelere ra\u011fmen kurtar\u0131lamazken, haberi alan veliler okula ak\u0131n etti. 14 ya\u015f\u0131nda oldu\u011fu ve iddialara g\u00f6re arkada\u015flar\u0131na hadi g\u00f6r\u00fc\u015f\u00fcr\u00fcz bay bay dedikten sonra kendini bo\u015flu\u011fa b\u0131rakt\u0131\u011f\u0131 ifade edildi. B\u00f6lgeye Cumhuriyet Savc\u0131s\u0131 gelirken baz\u0131 veliler \u00e7ocuklar\u0131n\u0131 okuldan ald\u0131. \u0130nceleme ve olayla ilgili soru\u015fturma s\u00fcr\u00fcyor.<\/p>\n<p><iframe loading=\"lazy\" title=\"YouTube video player\" src=\"https:\/\/www.youtube-nocookie.com\/embed\/F0SthXFhiWY?si=UyzM8aiPJLwAeH9Y&amp;controls=0\" width=\"560\" height=\"315\" frameborder=\"0\" allowfullscreen=\"allowfullscreen\"><\/iframe><\/p>\n","protected":false},"excerpt":{"rendered":"<p>SAKARYA&#8217;n\u0131n Karasu il\u00e7esine ba\u011fl\u0131 Yal\u0131 Mahallesi \u015eehit Ferhat S\u00f6zer Ortaokul i\u00e7inde camdan d\u00fc\u015fen k\u0131z \u00e7ocu\u011fu hayat\u0131n\u0131 kaybetti. B\u00f6lgeye sa\u011fl\u0131k ekipleri sevk edilirken t\u00fcm m\u00fcdahalelere ra\u011fmen kurtar\u0131lamazken, haberi alan veliler okula ak\u0131n etti. 14 ya\u015f\u0131nda oldu\u011fu ve iddialara g\u00f6re arkada\u015flar\u0131na hadi g\u00f6r\u00fc\u015f\u00fcr\u00fcz bay bay dedikten sonra kendini bo\u015flu\u011fa b\u0131rakt\u0131\u011f\u0131 ifade edildi. B\u00f6lgeye Cumhuriyet Savc\u0131s\u0131 gelirken baz\u0131 veliler \u00e7ocuklar\u0131n\u0131 okuldan ald\u0131. \u0130nceleme [&hellip;]<\/p>\n","protected":false},"author":1,"featured_media":885,"comment_status":"open","ping_status":"open","sticky":false,"template":"","format":"standard","meta":{"footnotes":""},"categories":[2,5,6],"tags":[312],"class_list":["post-884","post","type-post","status-publish","format-standard","has-post-thumbnail","hentry","category-karasu-haberleri","category-haber","category-son-dakika","tag-karasuda-okuldan-dusen-kiz"],"jetpack_featured_media_url":"https:\/\/karasu.tv\/wp-content\/uploads\/2026\/01\/yali-mahallesi-okul.png","_links":{"self":[{"href":"https:\/\/karasu.tv\/index.php\/wp-json\/wp\/v2\/posts\/884","targetHints":{"allow":["GET"]}}],"collection":[{"href":"https:\/\/karasu.tv\/index.php\/wp-json\/wp\/v2\/posts"}],"about":[{"href":"https:\/\/karasu.tv\/index.php\/wp-json\/wp\/v2\/types\/post"}],"author":[{"embeddable":true,"href":"https:\/\/karasu.tv\/index.php\/wp-json\/wp\/v2\/users\/1"}],"replies":[{"embeddable":true,"href":"https:\/\/karasu.tv\/index.php\/wp-json\/wp\/v2\/comments?post=884"}],"version-history":[{"count":1,"href":"https:\/\/karasu.tv\/index.php\/wp-json\/wp\/v2\/posts\/884\/revisions"}],"predecessor-version":[{"id":886,"href":"https:\/\/karasu.tv\/index.php\/wp-json\/wp\/v2\/posts\/884\/revisions\/886"}],"wp:featuredmedia":[{"embeddable":true,"href":"https:\/\/karasu.tv\/index.php\/wp-json\/wp\/v2\/media\/885"}],"wp:attachment":[{"href":"https:\/\/karasu.tv\/index.php\/wp-json\/wp\/v2\/media?parent=884"}],"wp:term":[{"taxonomy":"category","embeddable":true,"href":"https:\/\/karasu.tv\/index.php\/wp-json\/wp\/v2\/categories?post=884"},{"taxonomy":"post_tag","embeddable":true,"href":"https:\/\/karasu.tv\/index.php\/wp-json\/wp\/v2\/tags?post=884"}],"curies":[{"name":"wp","href":"https:\/\/api.w.org\/{rel}","templated":true}]}}